{"id":1391,"date":"2025-09-30T22:46:36","date_gmt":"2025-09-30T20:46:36","guid":{"rendered":"https:\/\/bentheimer-kammerchor.de\/?p=1391"},"modified":"2025-11-10T20:51:19","modified_gmt":"2025-11-10T19:51:19","slug":"mendelssohns-lobgesang-und-mozarts-klavierkonzert-26-10-2025","status":"publish","type":"post","link":"https:\/\/bentheimer-kammerchor.de\/nl\/mendelssohns-lobgesang-und-mozarts-klavierkonzert-26-10-2025\/","title":{"rendered":"Men\u00addels\u00adso\u00adhns \u201eLob\u00adge\u00adsang\u201c en Mozarts pia\u00adno\u00adcon\u00adcert (26 okto\u00adber&nbsp;2025)"},"content":{"rendered":"<p>Am <strong>Son\u00adn\u00adtag, 26. Okto\u00adber 2025<\/strong>, fand in der <strong>Ev.-ref. Kir\u00adche Gil\u00adde\u00adhaus<\/strong> ein beson\u00adde\u00adres Kon\u00adzert des <strong>Bent\u00adhei\u00admer Kam\u00admer\u00adchors<\/strong> statt. Auf dem Pro\u00adgramm stan\u00adden zwei Meis\u00adter\u00adwer\u00adke der Musikgeschichte:<\/p>\n\n\n\n<ul class=\"wp-block-list\">\n<li><strong>Wolf\u00adgang Ama\u00adde\u00adus Mozart<\/strong>: Kla\u00advier\u00adkon\u00adzert A\u2011Dur KV&nbsp;488<\/li>\n\n\n\n<li><strong>Felix Men\u00addels\u00adso\u00adhn Bart\u00adhol\u00addy<\/strong>: Sin\u00adfo\u00adnie\u00adkan\u00adta\u00adte \u201eLob\u00adge\u00adsang\u201c op.&nbsp;52<\/li>\n<\/ul>\n\n\n\n<h3 class=\"wp-block-heading\">Ein Kon\u00adzert vol\u00adler roman\u00adti\u00adscher Klangfarben<\/h3>\n\n\n\n<p>Rund 250 Zuh\u00f6re\u00adrin\u00adnen und Zuh\u00f6rer erleb\u00adten einen eind\u00adrucks\u00advol\u00adlen Kon\u00adzert\u00adnachmit\u00adtag, der musi\u00adka\u00adlisch wie inhalt\u00adlich vom Dun\u00adkel ins Licht f\u00fchr\u00adte. Das Zusam\u00admen\u00adspiel von Chor, Orches\u00adter und Solist:innen schuf eine stim\u00admungs\u00advol\u00adle Atmos\u00adp\u00adh\u00e4\u00adre, die von <strong>emo\u00adti\u00ado\u00adna\u00adler Tie\u00adfe, Ele\u00adganz und Spielfreu\u00adde<\/strong> gepr\u00e4gt war.<\/p>\n\n\n\n<h3 class=\"wp-block-heading\">Mozarts Kla\u00advier\u00adkon\u00adzert KV&nbsp;488<\/h3>\n\n\n\n<p>Im ersten Teil erklang Mozarts Kla\u00advier\u00adkon\u00adzert in A\u2011Dur KV 488 \u2013 ein Werk vol\u00adler Leich\u00adtig\u00adkeit und Aus\u00addrucks\u00adkraft. Die Pia\u00adnis\u00adtin <strong>Sofia Vas\u00adheruk<\/strong> begeis\u00adter\u00adte mit per\u00adlen\u00adden L\u00e4u\u00adfen und fei\u00adner Klang\u00adge\u00adstal\u00adtung, stets in engem Dia\u00adlog mit dem <strong>Kou\u00adri\u00adon-Orches\u00adter M\u00fcn\u00adster<\/strong>. Ihre Vir\u00adtu\u00ado\u00adsit\u00e4t und Spielfreu\u00adde ris\u00adsen das Publikum zu begeis\u00adter\u00adtem Applaus und sogar einer spon\u00adta\u00adnen Zuga\u00adbe&nbsp;hin.<\/p>\n\n\n\n<h3 class=\"wp-block-heading\">Men\u00addels\u00adso\u00adhns \u201eLob\u00adge\u00adsang\u201c<\/h3>\n\n\n\n<p>Nach der Pau\u00adse ent\u00adfal\u00adte\u00adte sich Men\u00addels\u00adso\u00adhns monu\u00admen\u00adta\u00adle Sin\u00adfo\u00adnie\u00adkan\u00adta\u00adte \u201eLob\u00adge\u00adsang\u201c \u2013 ein Werk, das Fei\u00ader\u00adlich\u00adkeit, Zart\u00adheit und Dra\u00adma\u00adtik ver\u00adeint. Unter der Lei\u00adtung von <strong>Ias\u00adsen Rayk\u00adov<\/strong> f\u00fchr\u00adten der <strong>Bent\u00adhei\u00admer Kam\u00admer\u00adchor<\/strong> und das Orches\u00adter die Zuh\u00f6rer auf eine musi\u00adka\u00adli\u00adsche Rei\u00adse vom Dun\u00adkel ins Licht. Die klang\u00adli\u00adche Balan\u00adce zwi\u00adschen Chor, Solist:innen und Instru\u00admen\u00adten ver\u00adlieh dem Werk beson\u00adde\u00adre Strahlkraft.<\/p>\n\n\n\n<p>Als Solist:innen wirk\u00adten&nbsp;mit:<\/p>\n\n\n\n<ul class=\"wp-block-list\">\n<li><strong>Eve\u00adlyn Zieg\u00adler<\/strong> (Sopran)<\/li>\n\n\n\n<li><strong>Wija van Schel\u00adle<\/strong> (Mez\u00adzo\u00adso\u00adpran)<\/li>\n\n\n\n<li><strong>Wolf\u00adgang Klo\u00adse<\/strong> (Tenor)<\/li>\n<\/ul>\n\n\n\n<p>Beson\u00adders eind\u00adrucks\u00advoll gelang der Moment, als der Tenor fle\u00adhend frag\u00adte: \u201eH\u00fcter, ist die Nacht bald hin?\u201c Vom Chor schlie\u00df\u00adlich in strah\u00adlen\u00adder Klang\u00adf\u00ad\u00fcl\u00adle beant\u00adwor\u00adtet: \u201eDie Nacht ist ver\u00adgan\u00adgen!\u201c Mit dem macht\u00advol\u00adlen Schlus\u00adschor \u201eIhr V\u00f6l\u00adker, brin\u00adget her dem Her\u00adrn Ehre und Macht!\u201c ende\u00adte ein Kon\u00adzert, das das Publikum zu lang anhal\u00adten\u00addem Applaus bewegte.<\/p>\n\n\n\n<p><em>\u201eEs war ein Nachmit\u00adtag ganz im Zei\u00adchen roman\u00adti\u00adscher Kl\u00e4n\u00adge \u2013 mit emo\u00adti\u00ado\u00adna\u00adler Tie\u00adfe, Ele\u00adganz und Spiel\u00adlau\u00adne\u201c,<\/em> res\u00ad\u00fc\u00admier\u00adte die Kon\u00adzert\u00adkri\u00adti\u00adke\u00adrin <strong>Dag\u00admar Thiel<\/strong> in de <em>Graf\u00adschaf\u00adter Nachrich\u00adten<\/em>.<\/p>\n\n\n\n<p><em>Das Kon\u00adzert wur\u00adde gef\u00f6r\u00addert&nbsp;von:<\/em><\/p>\n\n\n\n<figure class=\"wp-block-image size-full is-resized\"><img data-dominant-color=\"a7c1d9\" data-has-transparency=\"false\" loading=\"lazy\" decoding=\"async\" width=\"507\" height=\"99\" src=\"https:\/\/bentheimer-kammerchor.de\/wp-content\/uploads\/2025\/09\/image.png\" alt class=\"wp-image-1398 not-transparent\" style=\"--dominant-color: #a7c1d9; width:141px;height:auto\" srcset=\"https:\/\/bentheimer-kammerchor.de\/wp-content\/uploads\/2025\/09\/image.png 507w, https:\/\/bentheimer-kammerchor.de\/wp-content\/uploads\/2025\/09\/image-300x59.png 300w, https:\/\/bentheimer-kammerchor.de\/wp-content\/uploads\/2025\/09\/image-18x4.png 18w\" sizes=\"auto, (max-width: 507px) 100vw, 507px\"><\/figure>\n\n\n\n<figure class=\"wp-block-image size-full is-resized\"><img data-dominant-color=\"adc8d9\" data-has-transparency=\"false\" loading=\"lazy\" decoding=\"async\" width=\"500\" height=\"417\" src=\"https:\/\/bentheimer-kammerchor.de\/wp-content\/uploads\/2025\/09\/image.jpeg\" alt class=\"wp-image-1397 not-transparent\" style=\"--dominant-color: #adc8d9; width:141px;height:auto\" srcset=\"https:\/\/bentheimer-kammerchor.de\/wp-content\/uploads\/2025\/09\/image.jpeg 500w, https:\/\/bentheimer-kammerchor.de\/wp-content\/uploads\/2025\/09\/image-300x250.jpeg 300w, https:\/\/bentheimer-kammerchor.de\/wp-content\/uploads\/2025\/09\/image-14x12.jpeg 14w\" sizes=\"auto, (max-width: 500px) 100vw, 500px\"><\/figure>","protected":false},"excerpt":{"rendered":"<p>Am Sonntag, 26. Oktober 2025, fand in der Ev.-ref. Kirche Gildehaus ein besonderes Konzert des Bentheimer Kammerchors statt. Auf dem Programm standen zwei Meisterwerke der Musikgeschichte: Ein Konzert voller romantischer Klangfarben Rund 250 Zuh\u00f6rerinnen und Zuh\u00f6rer erlebten einen eindrucksvollen Konzertnachmittag, der musikalisch wie inhaltlich vom Dunkel ins Licht f\u00fchrte. Das Zusammenspiel von Chor, Orchester und [&hellip;]<\/p>\n","protected":false},"author":1,"featured_media":1392,"comment_status":"closed","ping_status":"open","sticky":false,"template":"","format":"standard","meta":{"wp_typography_post_enhancements_disabled":false,"footnotes":""},"categories":[1],"tags":[],"class_list":["post-1391","post","type-post","status-publish","format-standard","has-post-thumbnail","hentry","category-blog"],"yoast_head":"<!-- This site is optimized with the Yoast SEO plugin v27.5 - https:\/\/yoast.com\/product\/yoast-seo-wordpress\/ -->\n<title>Mendelssohns \u201eLobgesang\u201c und Mozarts Klavierkonzert (26.10.2025) &#8212; Bentheimer Kammerchor<\/title>\n<meta name=\"robots\" content=\"index, follow, max-snippet:-1, max-image-preview:large, max-video-preview:-1\" \/>\n<link rel=\"canonical\" href=\"https:\/\/bentheimer-kammerchor.de\/nl\/mendelssohns-lobgesang-und-mozarts-klavierkonzert-26-10-2025\/\" \/>\n<meta property=\"og:locale\" content=\"nl_NL\" \/>\n<meta property=\"og:type\" content=\"article\" \/>\n<meta property=\"og:title\" content=\"Mendelssohns \u201eLobgesang\u201c und Mozarts Klavierkonzert (26.10.2025) &#8212; Bentheimer Kammerchor\" \/>\n<meta property=\"og:description\" content=\"Am Sonntag, 26. Oktober 2025, fand in der Ev.-ref. Kirche Gildehaus ein besonderes Konzert des Bentheimer Kammerchors statt. Auf dem Programm standen zwei Meisterwerke der Musikgeschichte: Ein Konzert voller romantischer Klangfarben Rund 250 Zuh\u00f6rerinnen und Zuh\u00f6rer erlebten einen eindrucksvollen Konzertnachmittag, der musikalisch wie inhaltlich vom Dunkel ins Licht f\u00fchrte. Das Zusammenspiel von Chor, Orchester und [&hellip;]\" \/>\n<meta property=\"og:url\" content=\"https:\/\/bentheimer-kammerchor.de\/nl\/mendelssohns-lobgesang-und-mozarts-klavierkonzert-26-10-2025\/\" \/>\n<meta property=\"og:site_name\" content=\"Bentheimer Kammerchor\" \/>\n<meta property=\"article:publisher\" content=\"https:\/\/www.facebook.com\/p\/Bentheimer-Kammerchor-100077937920379\/\" \/>\n<meta property=\"article:published_time\" content=\"2025-09-30T20:46:36+00:00\" \/>\n<meta property=\"article:modified_time\" content=\"2025-11-10T19:51:19+00:00\" \/>\n<meta property=\"og:image\" content=\"https:\/\/bentheimer-kammerchor.de\/wp-content\/uploads\/2025\/09\/202051026-konzert-ev-ref-gildehaus.jpg\" \/>\n\t<meta property=\"og:image:width\" content=\"1869\" \/>\n\t<meta property=\"og:image:height\" content=\"1246\" \/>\n\t<meta property=\"og:image:type\" content=\"image\/jpeg\" \/>\n<meta name=\"author\" content=\"Malte Lammering\" \/>\n<meta name=\"twitter:card\" content=\"summary_large_image\" \/>\n<meta name=\"twitter:label1\" content=\"Geschreven door\" \/>\n\t<meta name=\"twitter:data1\" content=\"Malte Lammering\" \/>\n\t<meta name=\"twitter:label2\" content=\"Geschatte leestijd\" \/>\n\t<meta name=\"twitter:data2\" content=\"3 minuten\" \/>\n<script type=\"application\/ld+json\" class=\"yoast-schema-graph\">{\"@context\":\"https:\\\/\\\/schema.org\",\"@graph\":[{\"@type\":\"Article\",\"@id\":\"https:\\\/\\\/bentheimer-kammerchor.de\\\/mendelssohns-lobgesang-und-mozarts-klavierkonzert-26-10-2025\\\/#article\",\"isPartOf\":{\"@id\":\"https:\\\/\\\/bentheimer-kammerchor.de\\\/mendelssohns-lobgesang-und-mozarts-klavierkonzert-26-10-2025\\\/\"},\"author\":{\"name\":\"Malte Lammering\",\"@id\":\"https:\\\/\\\/bentheimer-kammerchor.de\\\/#\\\/schema\\\/person\\\/3046d8eaab686ba29b8ecfc1e461dfff\"},\"headline\":\"Mendelssohns \u201eLobgesang\u201c und Mozarts Klavierkonzert (26.10.2025)\",\"datePublished\":\"2025-09-30T20:46:36+00:00\",\"dateModified\":\"2025-11-10T19:51:19+00:00\",\"mainEntityOfPage\":{\"@id\":\"https:\\\/\\\/bentheimer-kammerchor.de\\\/mendelssohns-lobgesang-und-mozarts-klavierkonzert-26-10-2025\\\/\"},\"wordCount\":306,\"publisher\":{\"@id\":\"https:\\\/\\\/bentheimer-kammerchor.de\\\/#organization\"},\"image\":{\"@id\":\"https:\\\/\\\/bentheimer-kammerchor.de\\\/mendelssohns-lobgesang-und-mozarts-klavierkonzert-26-10-2025\\\/#primaryimage\"},\"thumbnailUrl\":\"https:\\\/\\\/bentheimer-kammerchor.de\\\/wp-content\\\/uploads\\\/2025\\\/09\\\/202051026-konzert-ev-ref-gildehaus.jpg\",\"articleSection\":[\"Blog\"],\"inLanguage\":\"nl-NL\"},{\"@type\":\"WebPage\",\"@id\":\"https:\\\/\\\/bentheimer-kammerchor.de\\\/mendelssohns-lobgesang-und-mozarts-klavierkonzert-26-10-2025\\\/\",\"url\":\"https:\\\/\\\/bentheimer-kammerchor.de\\\/mendelssohns-lobgesang-und-mozarts-klavierkonzert-26-10-2025\\\/\",\"name\":\"Mendelssohns \u201eLobgesang\u201c und Mozarts Klavierkonzert (26.10.2025) &#8212; Bentheimer Kammerchor\",\"isPartOf\":{\"@id\":\"https:\\\/\\\/bentheimer-kammerchor.de\\\/#website\"},\"primaryImageOfPage\":{\"@id\":\"https:\\\/\\\/bentheimer-kammerchor.de\\\/mendelssohns-lobgesang-und-mozarts-klavierkonzert-26-10-2025\\\/#primaryimage\"},\"image\":{\"@id\":\"https:\\\/\\\/bentheimer-kammerchor.de\\\/mendelssohns-lobgesang-und-mozarts-klavierkonzert-26-10-2025\\\/#primaryimage\"},\"thumbnailUrl\":\"https:\\\/\\\/bentheimer-kammerchor.de\\\/wp-content\\\/uploads\\\/2025\\\/09\\\/202051026-konzert-ev-ref-gildehaus.jpg\",\"datePublished\":\"2025-09-30T20:46:36+00:00\",\"dateModified\":\"2025-11-10T19:51:19+00:00\",\"breadcrumb\":{\"@id\":\"https:\\\/\\\/bentheimer-kammerchor.de\\\/mendelssohns-lobgesang-und-mozarts-klavierkonzert-26-10-2025\\\/#breadcrumb\"},\"inLanguage\":\"nl-NL\",\"potentialAction\":[{\"@type\":\"ReadAction\",\"target\":[\"https:\\\/\\\/bentheimer-kammerchor.de\\\/mendelssohns-lobgesang-und-mozarts-klavierkonzert-26-10-2025\\\/\"]}]},{\"@type\":\"ImageObject\",\"inLanguage\":\"nl-NL\",\"@id\":\"https:\\\/\\\/bentheimer-kammerchor.de\\\/mendelssohns-lobgesang-und-mozarts-klavierkonzert-26-10-2025\\\/#primaryimage\",\"url\":\"https:\\\/\\\/bentheimer-kammerchor.de\\\/wp-content\\\/uploads\\\/2025\\\/09\\\/202051026-konzert-ev-ref-gildehaus.jpg\",\"contentUrl\":\"https:\\\/\\\/bentheimer-kammerchor.de\\\/wp-content\\\/uploads\\\/2025\\\/09\\\/202051026-konzert-ev-ref-gildehaus.jpg\",\"width\":1869,\"height\":1246},{\"@type\":\"BreadcrumbList\",\"@id\":\"https:\\\/\\\/bentheimer-kammerchor.de\\\/mendelssohns-lobgesang-und-mozarts-klavierkonzert-26-10-2025\\\/#breadcrumb\",\"itemListElement\":[{\"@type\":\"ListItem\",\"position\":1,\"name\":\"Startseite\",\"item\":\"https:\\\/\\\/bentheimer-kammerchor.de\\\/\"},{\"@type\":\"ListItem\",\"position\":2,\"name\":\"Mendelssohns \u201eLobgesang\u201c und Mozarts Klavierkonzert (26.10.2025)\"}]},{\"@type\":\"WebSite\",\"@id\":\"https:\\\/\\\/bentheimer-kammerchor.de\\\/#website\",\"url\":\"https:\\\/\\\/bentheimer-kammerchor.de\\\/\",\"name\":\"Bentheimer Kammerchor\",\"description\":\"Ihr Chor in Bad Bentheim\",\"publisher\":{\"@id\":\"https:\\\/\\\/bentheimer-kammerchor.de\\\/#organization\"},\"potentialAction\":[{\"@type\":\"SearchAction\",\"target\":{\"@type\":\"EntryPoint\",\"urlTemplate\":\"https:\\\/\\\/bentheimer-kammerchor.de\\\/?s={search_term_string}\"},\"query-input\":{\"@type\":\"PropertyValueSpecification\",\"valueRequired\":true,\"valueName\":\"search_term_string\"}}],\"inLanguage\":\"nl-NL\"},{\"@type\":\"Organization\",\"@id\":\"https:\\\/\\\/bentheimer-kammerchor.de\\\/#organization\",\"name\":\"Bentheimer Kammerchor\",\"url\":\"https:\\\/\\\/bentheimer-kammerchor.de\\\/\",\"logo\":{\"@type\":\"ImageObject\",\"inLanguage\":\"nl-NL\",\"@id\":\"https:\\\/\\\/bentheimer-kammerchor.de\\\/#\\\/schema\\\/logo\\\/image\\\/\",\"url\":\"https:\\\/\\\/bentheimer-kammerchor.de\\\/wp-content\\\/uploads\\\/2024\\\/09\\\/Logo-Kammerchor-icon_menu.png\",\"contentUrl\":\"https:\\\/\\\/bentheimer-kammerchor.de\\\/wp-content\\\/uploads\\\/2024\\\/09\\\/Logo-Kammerchor-icon_menu.png\",\"width\":500,\"height\":500,\"caption\":\"Bentheimer Kammerchor\"},\"image\":{\"@id\":\"https:\\\/\\\/bentheimer-kammerchor.de\\\/#\\\/schema\\\/logo\\\/image\\\/\"},\"sameAs\":[\"https:\\\/\\\/www.facebook.com\\\/p\\\/Bentheimer-Kammerchor-100077937920379\\\/\"]},{\"@type\":\"Person\",\"@id\":\"https:\\\/\\\/bentheimer-kammerchor.de\\\/#\\\/schema\\\/person\\\/3046d8eaab686ba29b8ecfc1e461dfff\",\"name\":\"Malte Lammering\",\"image\":{\"@type\":\"ImageObject\",\"inLanguage\":\"nl-NL\",\"@id\":\"https:\\\/\\\/secure.gravatar.com\\\/avatar\\\/06afc40c769eb311c4760acb77b24d096200c960d9f4aa38b2f6e0176c0e00b2?s=96&d=mm&r=g\",\"url\":\"https:\\\/\\\/secure.gravatar.com\\\/avatar\\\/06afc40c769eb311c4760acb77b24d096200c960d9f4aa38b2f6e0176c0e00b2?s=96&d=mm&r=g\",\"contentUrl\":\"https:\\\/\\\/secure.gravatar.com\\\/avatar\\\/06afc40c769eb311c4760acb77b24d096200c960d9f4aa38b2f6e0176c0e00b2?s=96&d=mm&r=g\",\"caption\":\"Malte Lammering\"},\"sameAs\":[\"http:\\\/\\\/bentheimer-kammerchor.de\"]}]}<\/script>\n<!-- \/ Yoast SEO plugin. -->","yoast_head_json":{"title":"Men\u00addels\u00adso\u00adhns \u201eLob\u00adge\u00adsang\u201c und Mozarts Kla\u00advier\u00adkon\u00adzert (26.10.2025) \u2014 Bent\u00adhei\u00admer Kammerchor","robots":{"index":"index","follow":"follow","max-snippet":"max-snippet:-1","max-image-preview":"max-image-preview:large","max-video-preview":"max-video-preview:-1"},"canonical":"https:\/\/bentheimer-kammerchor.de\/nl\/mendelssohns-lobgesang-und-mozarts-klavierkonzert-26-10-2025\/","og_locale":"nl_NL","og_type":"article","og_title":"Mendelssohns \u201eLobgesang\u201c und Mozarts Klavierkonzert (26.10.2025) &#8212; Bentheimer Kammerchor","og_description":"Am Sonntag, 26. Oktober 2025, fand in der Ev.-ref. Kirche Gildehaus ein besonderes Konzert des Bentheimer Kammerchors statt. Auf dem Programm standen zwei Meisterwerke der Musikgeschichte: Ein Konzert voller romantischer Klangfarben Rund 250 Zuh\u00f6rerinnen und Zuh\u00f6rer erlebten einen eindrucksvollen Konzertnachmittag, der musikalisch wie inhaltlich vom Dunkel ins Licht f\u00fchrte. Das Zusammenspiel von Chor, Orchester und [&hellip;]","og_url":"https:\/\/bentheimer-kammerchor.de\/nl\/mendelssohns-lobgesang-und-mozarts-klavierkonzert-26-10-2025\/","og_site_name":"Bentheimer Kammerchor","article_publisher":"https:\/\/www.facebook.com\/p\/Bentheimer-Kammerchor-100077937920379\/","article_published_time":"2025-09-30T20:46:36+00:00","article_modified_time":"2025-11-10T19:51:19+00:00","og_image":[{"width":1869,"height":1246,"url":"https:\/\/bentheimer-kammerchor.de\/wp-content\/uploads\/2025\/09\/202051026-konzert-ev-ref-gildehaus.jpg","type":"image\/jpeg"}],"author":"Malte Lammering","twitter_card":"summary_large_image","twitter_misc":{"Geschreven door":"Malte Lammering","Geschatte leestijd":"3 minuten"},"schema":{"@context":"https:\/\/schema.org","@graph":[{"@type":"Article","@id":"https:\/\/bentheimer-kammerchor.de\/mendelssohns-lobgesang-und-mozarts-klavierkonzert-26-10-2025\/#article","isPartOf":{"@id":"https:\/\/bentheimer-kammerchor.de\/mendelssohns-lobgesang-und-mozarts-klavierkonzert-26-10-2025\/"},"author":{"name":"Malte Lammering","@id":"https:\/\/bentheimer-kammerchor.de\/#\/schema\/person\/3046d8eaab686ba29b8ecfc1e461dfff"},"headline":"Mendelssohns \u201eLobgesang\u201c und Mozarts Klavierkonzert (26.10.2025)","datePublished":"2025-09-30T20:46:36+00:00","dateModified":"2025-11-10T19:51:19+00:00","mainEntityOfPage":{"@id":"https:\/\/bentheimer-kammerchor.de\/mendelssohns-lobgesang-und-mozarts-klavierkonzert-26-10-2025\/"},"wordCount":306,"publisher":{"@id":"https:\/\/bentheimer-kammerchor.de\/#organization"},"image":{"@id":"https:\/\/bentheimer-kammerchor.de\/mendelssohns-lobgesang-und-mozarts-klavierkonzert-26-10-2025\/#primaryimage"},"thumbnailUrl":"https:\/\/bentheimer-kammerchor.de\/wp-content\/uploads\/2025\/09\/202051026-konzert-ev-ref-gildehaus.jpg","articleSection":["Blog"],"inLanguage":"nl-NL"},{"@type":"WebPage","@id":"https:\/\/bentheimer-kammerchor.de\/mendelssohns-lobgesang-und-mozarts-klavierkonzert-26-10-2025\/","url":"https:\/\/bentheimer-kammerchor.de\/mendelssohns-lobgesang-und-mozarts-klavierkonzert-26-10-2025\/","name":"Men\u00addels\u00adso\u00adhns \u201eLob\u00adge\u00adsang\u201c und Mozarts Kla\u00advier\u00adkon\u00adzert (26.10.2025) \u2014 Bent\u00adhei\u00admer Kammerchor","isPartOf":{"@id":"https:\/\/bentheimer-kammerchor.de\/#website"},"primaryImageOfPage":{"@id":"https:\/\/bentheimer-kammerchor.de\/mendelssohns-lobgesang-und-mozarts-klavierkonzert-26-10-2025\/#primaryimage"},"image":{"@id":"https:\/\/bentheimer-kammerchor.de\/mendelssohns-lobgesang-und-mozarts-klavierkonzert-26-10-2025\/#primaryimage"},"thumbnailUrl":"https:\/\/bentheimer-kammerchor.de\/wp-content\/uploads\/2025\/09\/202051026-konzert-ev-ref-gildehaus.jpg","datePublished":"2025-09-30T20:46:36+00:00","dateModified":"2025-11-10T19:51:19+00:00","breadcrumb":{"@id":"https:\/\/bentheimer-kammerchor.de\/mendelssohns-lobgesang-und-mozarts-klavierkonzert-26-10-2025\/#breadcrumb"},"inLanguage":"nl-NL","potentialAction":[{"@type":"ReadAction","target":["https:\/\/bentheimer-kammerchor.de\/mendelssohns-lobgesang-und-mozarts-klavierkonzert-26-10-2025\/"]}]},{"@type":"ImageObject","inLanguage":"nl-NL","@id":"https:\/\/bentheimer-kammerchor.de\/mendelssohns-lobgesang-und-mozarts-klavierkonzert-26-10-2025\/#primaryimage","url":"https:\/\/bentheimer-kammerchor.de\/wp-content\/uploads\/2025\/09\/202051026-konzert-ev-ref-gildehaus.jpg","contentUrl":"https:\/\/bentheimer-kammerchor.de\/wp-content\/uploads\/2025\/09\/202051026-konzert-ev-ref-gildehaus.jpg","width":1869,"height":1246},{"@type":"BreadcrumbList","@id":"https:\/\/bentheimer-kammerchor.de\/mendelssohns-lobgesang-und-mozarts-klavierkonzert-26-10-2025\/#breadcrumb","itemListElement":[{"@type":"ListItem","position":1,"name":"Startseite","item":"https:\/\/bentheimer-kammerchor.de\/"},{"@type":"ListItem","position":2,"name":"Mendelssohns \u201eLobgesang\u201c und Mozarts Klavierkonzert (26.10.2025)"}]},{"@type":"WebSite","@id":"https:\/\/bentheimer-kammerchor.de\/#website","url":"https:\/\/bentheimer-kammerchor.de\/","name":"Bent\u00adhei\u00admer Kammerchor","description":"Ihr Chor in Bad Bentheim","publisher":{"@id":"https:\/\/bentheimer-kammerchor.de\/#organization"},"potentialAction":[{"@type":"SearchAction","target":{"@type":"EntryPoint","urlTemplate":"https:\/\/bentheimer-kammerchor.de\/?s={search_term_string}"},"query-input":{"@type":"PropertyValueSpecification","valueRequired":true,"valueName":"search_term_string"}}],"inLanguage":"nl-NL"},{"@type":"Organization","@id":"https:\/\/bentheimer-kammerchor.de\/#organization","name":"Bent\u00adhei\u00admer Kammerchor","url":"https:\/\/bentheimer-kammerchor.de\/","logo":{"@type":"ImageObject","inLanguage":"nl-NL","@id":"https:\/\/bentheimer-kammerchor.de\/#\/schema\/logo\/image\/","url":"https:\/\/bentheimer-kammerchor.de\/wp-content\/uploads\/2024\/09\/Logo-Kammerchor-icon_menu.png","contentUrl":"https:\/\/bentheimer-kammerchor.de\/wp-content\/uploads\/2024\/09\/Logo-Kammerchor-icon_menu.png","width":500,"height":500,"caption":"Bentheimer Kammerchor"},"image":{"@id":"https:\/\/bentheimer-kammerchor.de\/#\/schema\/logo\/image\/"},"sameAs":["https:\/\/www.facebook.com\/p\/Bentheimer-Kammerchor-100077937920379\/"]},{"@type":"Person","@id":"https:\/\/bentheimer-kammerchor.de\/#\/schema\/person\/3046d8eaab686ba29b8ecfc1e461dfff","name":"Mal\u00adte Lammering","image":{"@type":"ImageObject","inLanguage":"nl-NL","@id":"https:\/\/secure.gravatar.com\/avatar\/06afc40c769eb311c4760acb77b24d096200c960d9f4aa38b2f6e0176c0e00b2?s=96&d=mm&r=g","url":"https:\/\/secure.gravatar.com\/avatar\/06afc40c769eb311c4760acb77b24d096200c960d9f4aa38b2f6e0176c0e00b2?s=96&d=mm&r=g","contentUrl":"https:\/\/secure.gravatar.com\/avatar\/06afc40c769eb311c4760acb77b24d096200c960d9f4aa38b2f6e0176c0e00b2?s=96&d=mm&r=g","caption":"Malte Lammering"},"sameAs":["http:\/\/bentheimer-kammerchor.de"]}]}},"_links":{"self":[{"href":"https:\/\/bentheimer-kammerchor.de\/nl\/wp-json\/wp\/v2\/posts\/1391","targetHints":{"allow":["GET"]}}],"collection":[{"href":"https:\/\/bentheimer-kammerchor.de\/nl\/wp-json\/wp\/v2\/posts"}],"about":[{"href":"https:\/\/bentheimer-kammerchor.de\/nl\/wp-json\/wp\/v2\/types\/post"}],"author":[{"embeddable":true,"href":"https:\/\/bentheimer-kammerchor.de\/nl\/wp-json\/wp\/v2\/users\/1"}],"replies":[{"embeddable":true,"href":"https:\/\/bentheimer-kammerchor.de\/nl\/wp-json\/wp\/v2\/comments?post=1391"}],"version-history":[{"count":4,"href":"https:\/\/bentheimer-kammerchor.de\/nl\/wp-json\/wp\/v2\/posts\/1391\/revisions"}],"predecessor-version":[{"id":1406,"href":"https:\/\/bentheimer-kammerchor.de\/nl\/wp-json\/wp\/v2\/posts\/1391\/revisions\/1406"}],"wp:featuredmedia":[{"embeddable":true,"href":"https:\/\/bentheimer-kammerchor.de\/nl\/wp-json\/wp\/v2\/media\/1392"}],"wp:attachment":[{"href":"https:\/\/bentheimer-kammerchor.de\/nl\/wp-json\/wp\/v2\/media?parent=1391"}],"wp:term":[{"taxonomy":"category","embeddable":true,"href":"https:\/\/bentheimer-kammerchor.de\/nl\/wp-json\/wp\/v2\/categories?post=1391"},{"taxonomy":"post_tag","embeddable":true,"href":"https:\/\/bentheimer-kammerchor.de\/nl\/wp-json\/wp\/v2\/tags?post=1391"}],"curies":[{"name":"wp","href":"https:\/\/api.w.org\/{rel}","templated":true}]}}